{"id":60,"date":"2014-07-19T18:54:08","date_gmt":"2014-07-19T18:54:08","guid":{"rendered":"http:\/\/flores.lt\/en\/?p=60"},"modified":"2021-10-15T18:12:21","modified_gmt":"2021-10-15T18:12:21","slug":"darzeline-rozune","status":"publish","type":"post","link":"https:\/\/flores.lt\/en\/darzeline-rozune\/","title":{"rendered":"Dar\u017eelin\u0117 ro\u017e\u016bn\u0117 &#8211; <i>Lavatera trimestris<\/i>"},"content":{"rendered":"<p><img loading=\"lazy\" decoding=\"async\" class=\"aligncenter size-full wp-image-1708\" src=\"http:\/\/flores.lt\/en\/wp-content\/uploads\/2014\/07\/9.jpg\" alt=\"Dar\u017eelin\u0117 ro\u017e\u016bn\u0117\" width=\"340\" height=\"499\" srcset=\"https:\/\/flores.lt\/en\/wp-content\/uploads\/2014\/07\/9.jpg 340w, https:\/\/flores.lt\/en\/wp-content\/uploads\/2014\/07\/9-204x300.jpg 204w\" sizes=\"auto, (max-width: 340px) 100vw, 340px\" \/><\/p>\n  <div style=\"position:relative; z-index:100;\"> <table class=\"lentele\" > <tr class=\"d0\"> <td>PLANT NAME<\/td><td><\/td><\/tr><tr><th>Lithuanian plant name<\/th><td>Dar\u017eelin\u0117 ro\u017e\u016bn\u0117<\/td><\/tr><tr><th>Latin plant name<\/th><td><a><i>Lavatera trimestris<\/i><\/a> L.<\/td><\/tr><tr><th>English plant name<\/th><td>Annual Mallow<\/td><\/tr><tr class=\"d0\"><td>TYPE OF PARTERRE<\/td><td class=\"d1\"><ul><li>Borders<\/li><\/ul><ul><li>Clump, beds (mixborder)<\/li><\/ul><ul><li>Groups<\/li><\/ul><ul><li>Wild plant parterre<\/li><\/ul><ul><li>Combination with woody plants<\/li><\/ul><\/td><\/tr><tr class=\"d0\"><td>ASSORTMENT<\/td><td class=\"d1\">supplementary<\/td><\/tr><tr class=\"d0\"><td>GROWING PLACE CHARACTERISTICS<\/td><td><\/td><\/tr><tr><th>Soil<\/th><td><ul><li>average wet soils<\/li><\/ul><ul><li>dry soils<\/li><\/ul><\/td><\/tr><tr><th>Lighting<\/th><td><ul><li>Heliophilous<\/li><\/ul><\/td><\/tr><tr><th>Spacing, cm<\/th><td>From 20 to 30<\/td><\/tr><tr class=\"d0\"><td>PLANT HEIGHT AND HABITUS<\/td><td><\/td><\/tr><tr><th>Height<\/th><td><ul><li>middle height \u2013 41- 60 cm<\/li><\/ul><ul><li>tall  - 61-80 cm<\/li><\/ul><\/td><\/tr><tr><th>Habitus<\/th><td>flower with expressive habitus, for design as accent<\/td><\/tr><tr class=\"d0\"><td>PLANTS ORNAMENTALITY<\/td><td><\/td><\/tr><tr><th>Leaf color<\/th><td><ul><li>green<\/li><\/ul><\/td><\/tr><tr><th>Blossom color<\/th><td><ul><li>red, red tints<\/li><\/ul><\/td><\/tr><tr><th>Blooming time<\/th><td><ul><li>1-st half of the summer - June 2-nd decade- July 2-nd decade<\/li><\/ul><ul><li>2-nd half of the summer  - July Third Decade - August<\/li><\/ul><\/td><\/tr><tr><th>Blooming period<\/th><td>3 months<\/td><\/tr><tr><th>General ornamentality<\/th><td>average decorative<\/td><\/tr><tr><th>Ornamentality  duration, months<\/th><td>4<\/td><\/tr><tr><th>Group<\/th><td>typical annual<\/td><\/tr><tr><th>Bioecological group<\/th><td>Annual<\/td><\/tr><tr class=\"d0\"><td>PLANT PROPAGATION<\/td><td><\/td><\/tr><tr ><td colspan = \"2\">Typical annual flower. Seeds are sown to seed beds late in April. Self-sowing flower. 1500 seeds per 1 gram. Seeds stay viable for 5 years. Seeds germinate within 8-14 days.<\/td><\/tr><\/table> <\/div>\n","protected":false},"excerpt":{"rendered":"","protected":false},"author":1,"featured_media":0,"comment_status":"closed","ping_status":"open","sticky":false,"template":"","format":"standard","meta":{"footnotes":""},"categories":[1],"tags":[],"class_list":["post-60","post","type-post","status-publish","format-standard","hentry","category-uncategorized"],"_links":{"self":[{"href":"https:\/\/flores.lt\/en\/wp-json\/wp\/v2\/posts\/60","targetHints":{"allow":["GET"]}}],"collection":[{"href":"https:\/\/flores.lt\/en\/wp-json\/wp\/v2\/posts"}],"about":[{"href":"https:\/\/flores.lt\/en\/wp-json\/wp\/v2\/types\/post"}],"author":[{"embeddable":true,"href":"https:\/\/flores.lt\/en\/wp-json\/wp\/v2\/users\/1"}],"replies":[{"embeddable":true,"href":"https:\/\/flores.lt\/en\/wp-json\/wp\/v2\/comments?post=60"}],"version-history":[{"count":3,"href":"https:\/\/flores.lt\/en\/wp-json\/wp\/v2\/posts\/60\/revisions"}],"predecessor-version":[{"id":2124,"href":"https:\/\/flores.lt\/en\/wp-json\/wp\/v2\/posts\/60\/revisions\/2124"}],"wp:attachment":[{"href":"https:\/\/flores.lt\/en\/wp-json\/wp\/v2\/media?parent=60"}],"wp:term":[{"taxonomy":"category","embeddable":true,"href":"https:\/\/flores.lt\/en\/wp-json\/wp\/v2\/categories?post=60"},{"taxonomy":"post_tag","embeddable":true,"href":"https:\/\/flores.lt\/en\/wp-json\/wp\/v2\/tags?post=60"}],"curies":[{"name":"wp","href":"https:\/\/api.w.org\/{rel}","templated":true}]}}